{"id":33324,"date":"2026-09-03T13:50:26","date_gmt":"2026-09-03T19:50:26","guid":{"rendered":"https:\/\/mexiconews.tv\/?p=33324"},"modified":"2026-09-03T14:07:22","modified_gmt":"2026-09-03T20:07:22","slug":"pedro-rodriguez-villegas-living-up-to-the-trust-of-the-people-of-atizapan-is-our-greatest-victory-on-the-152nd-anniversary-of-atizapan-de-zaragoza-pedro_rvillegas-goba","status":"publish","type":"post","link":"https:\/\/mexiconews.tv\/?p=33324","title":{"rendered":"Pedro Rodr\u00edguez Villegas: \u201cLiving up to the trust of the people of Atizap\u00e1n is our greatest victory\u201d \u2014152nd anniversary of Atizap\u00e1n de Zaragoza \/ @Pedro_RVillegas \u2013 @GobAtizapan"},"content":{"rendered":"\n<p class=\"wp-block-paragraph\">(<strong>#Atizap\u00e1nWithHistory<\/strong> \u2013 <strong>#MexicanPride<\/strong>) *** <strong>#Atizap\u00e1nDeZaragoza<\/strong>, <strong>#StateOfMexico<\/strong>.- In the commemoration of the 152nd founding of <strong>#Atizap\u00e1n de Zaragoza<\/strong>, Mayor <strong>#PedroRodr\u00edguezVillegas<\/strong> reaffirmed his purpose of promoting <strong>#PublicWorks<\/strong> that endure and <strong>#SocialPolicies<\/strong> that dignify community life, in a solemn act that gathered authorities and neighbors. <strong>\u00abThe greatness of a community is measured by its ability to transform the present into a legacy for the future\u00bb \u2014 Nelson Mandela.<\/strong> In his speech, the mayor emphasized the importance of <strong>cohesion<\/strong> and <strong>vision<\/strong>, integrating citizen demands with <strong>#MunicipalPlanning<\/strong> and highlighting the role of the council in decision-making; he also stressed inter-institutional collaboration with the State Government through strategic programs such as <strong>#PrideAtizap\u00e1n<\/strong>. At the end of his intervention, <strong>Pedro Rodr\u00edguez<\/strong> expressed his gratitude and commitment to the citizens: <strong>\u00abWe came to respond to the trust placed in us\u00bb \u2014 Pedro Rodr\u00edguez Villegas.<\/strong><\/p>\n\n\n\n<p class=\"wp-block-paragraph\">The ceremony, presided over by <strong>Pedro Rodr\u00edguez<\/strong> and accompanied by his wife <strong><strong>Patricia Ar\u00e9valo Rubio<\/strong><\/strong>, councilors, and municipal directors, highlighted the responsible financial management that has allowed resources to be directed toward quality public services and social programs; the administration emphasized <strong>efficacy<\/strong> and <strong>transparency<\/strong> in budget allocation. In this context, the mayor recalled that this year economic and educational support has been allocated to benefit Atizap\u00e1n families, concluding with a call for civic unity. <strong>\u00abWe will continue building a better Atizap\u00e1n for everyone\u00bb \u2014 <strong>Pedro Rodr\u00edguez<\/strong> <strong>Villegas<\/strong>.<\/strong><\/p>\n\n\n\n<p class=\"wp-block-paragraph\">During the event, social investment in 2026 was detailed, including the Family Salary and the Municipal Scholarship Program, as well as the delivery of free school packages for students; these actions, said the mayor, are proof of an administration committed to <strong>equity<\/strong> and <strong>progress<\/strong>. Municipal chronicler <strong>Arturo Trueba Urban<\/strong> evoked the origin of the locality and the identity of its founding towns, while the municipal authority reiterated its will to preserve historical memory without renouncing development. <strong>\u00abWe are an administration that achieves figures never before reached\u00bb \u2014 <strong>Pedro Rodr\u00edguez<\/strong> <strong>Villegas<\/strong>.<\/strong><\/p>\n\n\n\n<figure class=\"wp-block-image aligncenter size-medium\"><img loading=\"lazy\" decoding=\"async\" width=\"300\" height=\"289\" src=\"https:\/\/mexiconews.tv\/wp-content\/uploads\/2026\/09\/atiza-2-1-e1788464659590-300x289.jpg\" alt=\"\" class=\"wp-image-33326\"\/><\/figure>\n\n\n\n<p class=\"has-text-align-center wp-block-paragraph\"><strong>\u201cWe are an administration that is achieving unprecedented figures, but that would not have been possible without the combined will of each and every member of the<\/strong> <strong>#Cabildo.\u201d<\/strong> <strong> \u2014<\/strong> <strong>Pedro Rodr\u00edguez<\/strong> <strong>Villegas<\/strong>.<\/p>\n\n\n\n<p class=\"wp-block-paragraph\">Reports have noted that public investment and social programs have strengthened infrastructure and citizen services, consolidating <strong>Atizap\u00e1n de Zaragoza<\/strong> as a municipality of sustained growth; coordination between state and municipal agencies has been decisive in project execution. The event also featured Dr. <strong>Jorge Galindo Castillo Vaquera<\/strong>, representing Governor <strong>Delfina G\u00f3mez \u00c1lvarez<\/strong>, who reaffirmed institutional collaboration; the day recalled the importance of <strong>identity<\/strong> and <strong>memory<\/strong> in guiding local development. <strong>\u00abThe history of Atizap\u00e1n is deeply linked to its original towns\u00bb \u2014 Jorge Galindo Castillo Vaquera.<\/strong><\/p>\n\n\n\n<p class=\"wp-block-paragraph\">In my opinion, the ceremony left a positive impression for its clarity of objectives and political will; the municipal administration demonstrates pragmatic and sensitive leadership, capable of combining <strong>responsibility<\/strong> and social commitment, traits that promise continuity in improving services and quality of life.<\/p>\n\n\n\n<p class=\"wp-block-paragraph\">In conclusion, <strong>Pedro Rodr\u00edguez<\/strong> <strong>Villegas<\/strong> reaffirmed his commitment to the community and the preservation of local history, recalling that public administration must be an instrument of well-being; <strong>\u00abEducation is the most powerful weapon to change the world\u00bb \u2014 Nelson Mandela.<\/strong> <strong>#PrideAtizap\u00e1n<\/strong><\/p>\n\n\n\n<p class=\"wp-block-paragraph\"><strong>#miangelzorro<\/strong><\/p>\n\n\n\n<p class=\"wp-block-paragraph\"><strong>#M\u00e9xicoNewsTv\u00a0\u2013\u00a0<a href=\"https:\/\/www.facebook.com\/MexicoNewsTv\/\">M\u00e9xico News tv<\/a><\/strong><\/p>\n\n\n\n<figure class=\"wp-block-image aligncenter size-large\"><img loading=\"lazy\" decoding=\"async\" width=\"1024\" height=\"768\" src=\"https:\/\/mexiconews.tv\/wp-content\/uploads\/2026\/09\/atiza-1-1024x768.jpg\" alt=\"\" class=\"wp-image-33327\"\/><\/figure>\n","protected":false},"excerpt":{"rendered":"<p>(#Atizap\u00e1nWithHistory \u2013 #MexicanPride) *** #Atizap\u00e1nDeZaragoza, #StateOfMexico.- In the commemoration of the 152nd founding of #Atizap\u00e1n de Zaragoza, Mayor #PedroRodr\u00edguezVillegas reaffirmed<\/p>\n","protected":false},"author":1,"featured_media":33327,"comment_status":"open","ping_status":"open","sticky":false,"template":"","format":"standard","meta":{"colormag_page_container_layout":"default_layout","colormag_page_sidebar_layout":"default_layout","rop_custom_images_group":[],"rop_custom_messages_group":[],"rop_publish_now":"no","rop_publish_now_accounts":{"facebook_2797015450629271_1620882911490106":""},"rop_publish_now_history":[{"account":"facebook_2797015450629271_1620882911490106","service":"facebook","timestamp":1788465046,"status":"success"}],"rop_publish_now_status":"done","footnotes":""},"categories":[21],"tags":[961,885,743,865,386,389,1038,15,22,860,889,458,526,962,874,864,1017,757,385],"class_list":["post-33324","post","type-post","status-publish","format-standard","has-post-thumbnail","hentry","category-legislators","tag-anuar-azar-figueroa","tag-claudia-sheinbaum-pardo","tag-delfina-gomez-alvarez","tag-dif-atizapan-de-zaragoza","tag-en-vivo","tag-enterate","tag-gerard-vazquez-de-mercado","tag-gobierno-de-mexico","tag-gobierno-del-estado-de-mexico","tag-jorge-romero-herrera","tag-katia-michel-ramirez-r","tag-mexico-news-tv","tag-miguel-angel-zorro","tag-municipio-de-atizapan-de-zaragoza","tag-noticias-atizapan-de-zaragoza","tag-patricia-arevalo-rubio","tag-paty-arevalo","tag-pedro-rodriguez-villegas","tag-ultima-hora"],"_links":{"self":[{"href":"https:\/\/mexiconews.tv\/index.php?rest_route=\/wp\/v2\/posts\/33324","targetHints":{"allow":["GET"]}}],"collection":[{"href":"https:\/\/mexiconews.tv\/index.php?rest_route=\/wp\/v2\/posts"}],"about":[{"href":"https:\/\/mexiconews.tv\/index.php?rest_route=\/wp\/v2\/types\/post"}],"author":[{"embeddable":true,"href":"https:\/\/mexiconews.tv\/index.php?rest_route=\/wp\/v2\/users\/1"}],"replies":[{"embeddable":true,"href":"https:\/\/mexiconews.tv\/index.php?rest_route=%2Fwp%2Fv2%2Fcomments&post=33324"}],"version-history":[{"count":6,"href":"https:\/\/mexiconews.tv\/index.php?rest_route=\/wp\/v2\/posts\/33324\/revisions"}],"predecessor-version":[{"id":33333,"href":"https:\/\/mexiconews.tv\/index.php?rest_route=\/wp\/v2\/posts\/33324\/revisions\/33333"}],"wp:featuredmedia":[{"embeddable":true,"href":"https:\/\/mexiconews.tv\/index.php?rest_route=\/wp\/v2\/media\/33327"}],"wp:attachment":[{"href":"https:\/\/mexiconews.tv\/index.php?rest_route=%2Fwp%2Fv2%2Fmedia&parent=33324"}],"wp:term":[{"taxonomy":"category","embeddable":true,"href":"https:\/\/mexiconews.tv\/index.php?rest_route=%2Fwp%2Fv2%2Fcategories&post=33324"},{"taxonomy":"post_tag","embeddable":true,"href":"https:\/\/mexiconews.tv\/index.php?rest_route=%2Fwp%2Fv2%2Ftags&post=33324"}],"curies":[{"name":"wp","href":"https:\/\/api.w.org\/{rel}","templated":true}]}}